{"id":449,"date":"2025-01-03T12:03:09","date_gmt":"2025-01-03T11:03:09","guid":{"rendered":"https:\/\/auladigital.comunidad.madrid\/calendario\/?p=449"},"modified":"2025-01-07T12:03:26","modified_gmt":"2025-01-07T11:03:26","slug":"facilita-tus-tramites-con-los-servicios-publicos-de-la-comunidad-de-madrid","status":"publish","type":"post","link":"https:\/\/auladigital.comunidad.madrid\/calendario\/facilita-tus-tramites-con-los-servicios-publicos-de-la-comunidad-de-madrid\/","title":{"rendered":"Facilita tus tr\u00e1mites con los servicios p\u00fablicos de la Comunidad de Madrid"},"content":{"rendered":"\n<h3 class=\"wp-block-heading\"><strong>Mejora tu acceso a la salud y servicios p\u00fablicos con los cursos que ofrece Madrid Aula Digital.<\/strong><\/h3>\n\n\n\n<p>La tecnolog\u00eda ha revolucionado nuestra forma de interactuar con los servicios p\u00fablicos, especialmente en \u00e1reas clave como la atenci\u00f3n m\u00e9dica y los recursos sociales, y desde Madrid Aula Digital queremos ayudarte a adaptarte a ello.<\/p>\n\n\n\n<p>La Comunidad de Madrid ha implementado una serie de herramientas digitales que permiten a los ciudadanos gestionar su salud, solicitar citas m\u00e9dicas o acceder a beneficios sociales, todo a trav\u00e9s de aplicaciones m\u00f3viles o plataformas en l\u00ednea.&nbsp;<\/p>\n\n\n\n<p>Utilizar estas herramientas no solo facilita los tr\u00e1mites sino que tambi\u00e9n optimiza el tiempo y mejora la eficiencia de todos los procesos.<\/p>\n\n\n\n<p>En <a href=\"https:\/\/auladigital.comunidad.madrid\/\">Madrid Aula Digital<\/a> te ofrecemos cursos dise\u00f1ados para que puedas aprender a utilizar estas aplicaciones de manera sencilla y efectiva para mejorar tu interacci\u00f3n con los servicios p\u00fablicos.<\/p>\n\n\n\n<p>Si est\u00e1s interesado en aprender a gestionar tus citas m\u00e9dicas de forma digital, acceder a tu historial de salud o conocer los apoyos que la Comunidad de Madrid ofrece a las personas con discapacidad, te presentamos dos cursos que te ayudar\u00e1n a sacar el m\u00e1ximo provecho de estas tecnolog\u00edas:<\/p>\n\n\n\n<ul class=\"wp-block-list\">\n<li><a href=\"https:\/\/auladigital.comunidad.madrid\/info\/tarjeta-sanitaria-virtual-de-la-comunidad-de-madrid-00711820\">Tarjeta Sanitaria Virtual de la Comunidad de Madrid<\/a>\n<ul class=\"wp-block-list\">\n<li>Aprende a gestionar tus citas m\u00e9dicas en l\u00ednea y a utilizar la Tarjeta Sanitaria Virtual para acceder a tu historial m\u00e9dico, recetas electr\u00f3nicas y otros documentos de salud de manera r\u00e1pida y segura.<\/li>\n\n\n\n<li> Optimiza tu experiencia en el sistema de salud, evitando desplazamientos innecesarios y ahorrando tiempo en tus gestiones.<\/li>\n<\/ul>\n<\/li>\n<\/ul>\n\n\n\n<p><\/p>\n\n\n\n<ul class=\"wp-block-list\">\n<li><a href=\"https:\/\/auladigital.comunidad.madrid\/info\/conoce-la-aplicacion-tarjeta-de-discapacidad-de-la-comunidad-de-madrid-00732092\">Tarjeta de discapacidad de la Comunidad de Madrid<\/a>\n<ul class=\"wp-block-list\">\n<li>Familiar\u00edzate con la interfaz, descarga la app y explora c\u00f3mo acceder a los beneficios y apoyos disponibles.<\/li>\n\n\n\n<li>Aprende a personalizar tu dispositivo m\u00f3vil para facilitar el acceso a los servicios digitales y mejorar la experiencia de uso para personas con discapacidad.<\/li>\n<\/ul>\n<\/li>\n<\/ul>\n\n\n\n<p>Adem\u00e1s, te recordamos que <a href=\"https:\/\/auladigital.comunidad.madrid\/\">Madrid Aula Digital<\/a> ofrece m\u00e1s de 100 cursos disponibles en diversas \u00e1reas.&nbsp;<\/p>\n\n\n\n<p>Si deseas obtener m\u00e1s informaci\u00f3n o inscribirte en alguno de nuestros cursos, no dudes en contactar con nosotros a trav\u00e9s de:<\/p>\n\n\n\n<ul class=\"wp-block-list\">\n<li>900 42 32 70<\/li>\n\n\n\n<li>911 23 82 65<\/li>\n\n\n\n<li>soporte@madridauladigital.org<\/li>\n<\/ul>\n\n\n\n<p><\/p>\n","protected":false},"excerpt":{"rendered":"<p>Mejora tu acceso a la salud y servicios p\u00fablicos con los cursos que ofrece Madrid Aula Digital. La tecnolog\u00eda ha revolucionado nuestra forma de interactuar con los servicios p\u00fablicos, especialmente en \u00e1reas clave como la atenci\u00f3n m\u00e9dica y los recursos sociales, y desde Madrid Aula Digital queremos ayudarte a adaptarte a ello. La Comunidad de [&#8230;]<\/p>\n<p><a class=\"btn btn-secondary understrap-read-more-link\" href=\"https:\/\/auladigital.comunidad.madrid\/calendario\/facilita-tus-tramites-con-los-servicios-publicos-de-la-comunidad-de-madrid\/\">Leer m\u00e1s&#8230;<\/a><\/p>\n","protected":false},"author":1,"featured_media":452,"comment_status":"open","ping_status":"open","sticky":false,"template":"","format":"standard","meta":{"footnotes":""},"categories":[184],"tags":[],"class_list":["post-449","post","type-post","status-publish","format-standard","has-post-thumbnail","hentry","category-newsletter"],"_links":{"self":[{"href":"https:\/\/auladigital.comunidad.madrid\/calendario\/wp-json\/wp\/v2\/posts\/449","targetHints":{"allow":["GET"]}}],"collection":[{"href":"https:\/\/auladigital.comunidad.madrid\/calendario\/wp-json\/wp\/v2\/posts"}],"about":[{"href":"https:\/\/auladigital.comunidad.madrid\/calendario\/wp-json\/wp\/v2\/types\/post"}],"author":[{"embeddable":true,"href":"https:\/\/auladigital.comunidad.madrid\/calendario\/wp-json\/wp\/v2\/users\/1"}],"replies":[{"embeddable":true,"href":"https:\/\/auladigital.comunidad.madrid\/calendario\/wp-json\/wp\/v2\/comments?post=449"}],"version-history":[{"count":1,"href":"https:\/\/auladigital.comunidad.madrid\/calendario\/wp-json\/wp\/v2\/posts\/449\/revisions"}],"predecessor-version":[{"id":453,"href":"https:\/\/auladigital.comunidad.madrid\/calendario\/wp-json\/wp\/v2\/posts\/449\/revisions\/453"}],"wp:featuredmedia":[{"embeddable":true,"href":"https:\/\/auladigital.comunidad.madrid\/calendario\/wp-json\/wp\/v2\/media\/452"}],"wp:attachment":[{"href":"https:\/\/auladigital.comunidad.madrid\/calendario\/wp-json\/wp\/v2\/media?parent=449"}],"wp:term":[{"taxonomy":"category","embeddable":true,"href":"https:\/\/auladigital.comunidad.madrid\/calendario\/wp-json\/wp\/v2\/categories?post=449"},{"taxonomy":"post_tag","embeddable":true,"href":"https:\/\/auladigital.comunidad.madrid\/calendario\/wp-json\/wp\/v2\/tags?post=449"}],"curies":[{"name":"wp","href":"https:\/\/api.w.org\/{rel}","templated":true}]}}